{"id":18895,"date":"2019-04-11T11:51:27","date_gmt":"2019-04-11T11:51:27","guid":{"rendered":"https:\/\/www.caseificiocastellan.it\/?p=18895"},"modified":"2022-09-21T12:32:56","modified_gmt":"2022-09-21T12:32:56","slug":"gourmandia-2019","status":"publish","type":"post","link":"https:\/\/www.caseificiocastellan.it\/en\/gourmandia-2019\/","title":{"rendered":"Caseificio Castellan Urbano a Gourmandia 2019"},"content":{"rendered":"<p>[vc_row css_animation=&#8221;&#8221; row_type=&#8221;row&#8221; use_row_as_full_screen_section=&#8221;no&#8221; type=&#8221;full_width&#8221; angled_section=&#8221;no&#8221; text_align=&#8221;left&#8221; background_image_as_pattern=&#8221;without_pattern&#8221; z_index=&#8221;&#8221; css=&#8221;.vc_custom_1543429166622{background-color: #f6f6f6 !important;}&#8221;][vc_column][vc_separator type=&#8221;normal&#8221; transparency=&#8221;0&#8243; up=&#8221;20&#8243; down=&#8221;20&#8243;][vc_column_text]<strong>CASEIFICIO CASTELLAN URBANO A GOURMANDIA 2019<\/strong><\/p>\n<p><a id=\"js_dup\" class=\"profileLink\" href=\"https:\/\/www.facebook.com\/Gourmandia.official\/?__tn__=K-R&amp;eid=ARBI0Yrq_tq5TGqTbVUGFqhMciTxk2MjqNiuHOe9GLZKjO1JXVxFqnFQZnMx7x3Bfnu3d460TD92AZh4&amp;fref=mentions&amp;__xts__%5B0%5D=68.ARDReTSsX2L-feTwJsywovMfGlz10yKzWWXWVhY1o9qY7OKWdnrwQ28qil03HVrscPDg02fMQlSX0bx6RKvAPrkbY0nniasNLd5MEWrvGlQHyQJe0XuF59NWWj8tcee1RrznkCs6yWs1kcvs87s7KvnUBNbKlpACsIteig1CPXcaoMYWA6I0fLMKblXxR5NcLqNrrjdVRIyF6VfGiB66eQ_47UHa9n0zF5JMgXrGNb2MOa0X-6_b2nTnjWLBinggQyE5_W-1CL4ScoBMwFJXPc_CeUa7A6TmeciYBmdcnIKjlH26qb7Oy3NpGfWaNkNhNdtu6hHqY0LidwOvN0WpvddclQ\" target=\"_blank\" rel=\"noopener\" data-hovercard=\"\/ajax\/hovercard\/page.php?id=1497634660546349&amp;extragetparams=%7B%22__tn__%22%3A%22%2CdK-R-R%22%2C%22eid%22%3A%22ARBI0Yrq_tq5TGqTbVUGFqhMciTxk2MjqNiuHOe9GLZKjO1JXVxFqnFQZnMx7x3Bfnu3d460TD92AZh4%22%2C%22fref%22%3A%22mentions%22%7D\" data-hovercard-prefer-more-content-show=\"1\" aria-describedby=\"u_se_1\" aria-owns=\"\">Gourmandia<\/a>\u00a0\u00e8 il pi\u00f9 grande evento enogastronomico della primavera veneta. Giunto alla sua quarta edizione, \u00e8 un gastro-tour tra le migliori specialit\u00e0 artigianali italiane all\u2019interno dell\u2019ex stabilimento di ceramiche Pagnossin, oggi conosciuto come OpenDream, con 200 espositori provenienti da tutta Italia e un ricco programma di talk show e showcooking con i migliori chef nazionali, pi\u00f9 un\u2019area esterna dedicata ai food truck e a\u00a0<span class=\"text_exposed_show\">un cocktail bar.<\/span><\/p>\n<div class=\"text_exposed_show\">\n<p>\u21e2 Quando: 13 \/ 14 \/ 15 aprile 2019<br \/>\nDove: Opendream (Ex Pagnossin) &#8211; Via Noalese 94, Treviso<\/p>\n<p>\u21e2 Orario Gourmandia: Sabato 12.00-20.00; Domenica 10.00-20.00; Luned\u00ec 10.00-17.00<\/p>\n<p>Ingresso adulti: 10 euro<br \/>\nIngresso bambini (6-12 anni): 5 euro<\/p>\n<p>ACCREDITO OPERATORI DEL SETTORE<br \/>\nL&#8217;ingresso a Gourmandia per gli operatori del settore (ristoratori, bottegai, buyer, enotecari, agenti, etc.) \u00e8 GRATUITO, previa registrazione in cassa con biglietto da visita. Ogni operatore del settore pu\u00f2 portare un accompagnatore. Gli operatori possono registrarsi anche sul sito di Gourmandia <a href=\"https:\/\/gourmandia.gastronauta.it\/ingresso-buyer\/\" target=\"_blank\" rel=\"noopener\">a questo link<\/a> e, una volta in loco, passare dalla cassa per cambiare il coupon scaricato dal sito con un pass con valore fiscale.<\/p>\n<p>Vi aspettamo allo spazio OpenDream di Treviso<br \/>\n\u21e2 Stand C 49<\/p>\n<\/div>\n<p>[\/vc_column_text][vc_separator type=&#8221;normal&#8221; transparency=&#8221;0&#8243; up=&#8221;20&#8243; down=&#8221;20&#8243;][\/vc_column][\/vc_row]<\/p>\n","protected":false},"excerpt":{"rendered":"<p>Gourmandia \u00e8 il pi\u00f9 grande evento enogastronomico della primavera veneta, un gastro-tour tra le migliori specialit\u00e0 artigianali italiane<\/p>\n","protected":false},"author":1,"featured_media":18896,"comment_status":"open","ping_status":"open","sticky":false,"template":"","format":"standard","meta":{"wprm-recipe-roundup-name":"","wprm-recipe-roundup-description":"","_exactmetrics_skip_tracking":false,"_exactmetrics_sitenote_active":false,"_exactmetrics_sitenote_note":"","_exactmetrics_sitenote_category":0,"footnotes":""},"categories":[5,10],"tags":[],"_links":{"self":[{"href":"https:\/\/www.caseificiocastellan.it\/en\/wp-json\/wp\/v2\/posts\/18895"}],"collection":[{"href":"https:\/\/www.caseificiocastellan.it\/en\/wp-json\/wp\/v2\/posts"}],"about":[{"href":"https:\/\/www.caseificiocastellan.it\/en\/wp-json\/wp\/v2\/types\/post"}],"author":[{"embeddable":true,"href":"https:\/\/www.caseificiocastellan.it\/en\/wp-json\/wp\/v2\/users\/1"}],"replies":[{"embeddable":true,"href":"https:\/\/www.caseificiocastellan.it\/en\/wp-json\/wp\/v2\/comments?post=18895"}],"version-history":[{"count":4,"href":"https:\/\/www.caseificiocastellan.it\/en\/wp-json\/wp\/v2\/posts\/18895\/revisions"}],"predecessor-version":[{"id":18900,"href":"https:\/\/www.caseificiocastellan.it\/en\/wp-json\/wp\/v2\/posts\/18895\/revisions\/18900"}],"wp:featuredmedia":[{"embeddable":true,"href":"https:\/\/www.caseificiocastellan.it\/en\/wp-json\/wp\/v2\/media\/18896"}],"wp:attachment":[{"href":"https:\/\/www.caseificiocastellan.it\/en\/wp-json\/wp\/v2\/media?parent=18895"}],"wp:term":[{"taxonomy":"category","embeddable":true,"href":"https:\/\/www.caseificiocastellan.it\/en\/wp-json\/wp\/v2\/categories?post=18895"},{"taxonomy":"post_tag","embeddable":true,"href":"https:\/\/www.caseificiocastellan.it\/en\/wp-json\/wp\/v2\/tags?post=18895"}],"curies":[{"name":"wp","href":"https:\/\/api.w.org\/{rel}","templated":true}]}}